{"id":4390,"date":"2023-09-08T16:47:14","date_gmt":"2023-09-08T19:47:14","guid":{"rendered":"https:\/\/feisal.org\/?p=4390"},"modified":"2023-09-08T16:50:25","modified_gmt":"2023-09-08T19:50:25","slug":"cuadernos-feisal-3a-convocatoria","status":"publish","type":"post","link":"https:\/\/feisal.org\/?p=4390","title":{"rendered":"Cuadernos FEISAL &#8211; 3\u00aa convocatoria"},"content":{"rendered":"\n<figure class=\"wp-block-image size-full\"><img loading=\"lazy\" decoding=\"async\" width=\"1000\" height=\"1000\" src=\"https:\/\/feisal.org\/wp-content\/uploads\/2023\/09\/cuadernos-3.png\" alt=\"\" class=\"wp-image-4391\" srcset=\"https:\/\/feisal.org\/wp-content\/uploads\/2023\/09\/cuadernos-3.png 1000w, https:\/\/feisal.org\/wp-content\/uploads\/2023\/09\/cuadernos-3-300x300.png 300w, https:\/\/feisal.org\/wp-content\/uploads\/2023\/09\/cuadernos-3-150x150.png 150w, https:\/\/feisal.org\/wp-content\/uploads\/2023\/09\/cuadernos-3-768x768.png 768w, https:\/\/feisal.org\/wp-content\/uploads\/2023\/09\/cuadernos-3-12x12.png 12w, https:\/\/feisal.org\/wp-content\/uploads\/2023\/09\/cuadernos-3-750x750.png 750w\" sizes=\"auto, (max-width: 1000px) 100vw, 1000px\" \/><\/figure>\n\n\n\n<p>Est\u00e1 abierta la convocatoria para el <strong>3er libro de la colecci\u00f3n \u201cCuadernos FEISAL\u201d<\/strong> que saldr\u00e1 publicado a finales de este a\u00f1o. Esta colecci\u00f3n de libros es un espacio para el intercambio y la difusi\u00f3n de las miradas que desde las c\u00e1tedras de las carreras miembros de FEISAL tenemos acerca del audiovisual latinoamericano.<br>En la primer semana de octubre realizaremos una reuni\u00f3n informativa. Quienes quieran participar de esta publicaci\u00f3n tienen tiempo <strong>hasta el 30\/9 para sumarse <\/strong>completando la siguiente <a href=\"https:\/\/docs.google.com\/forms\/d\/1JAXyXRR5wy_IyG3oApFLCD1awPDyPI6TkZjJwJISEYk\/edit\" target=\"_blank\" rel=\"noreferrer noopener\">PLANILLA DE INSCRIPCI\u00d3N<\/a> y as\u00ed hacerles llegar el acceso para este encuentro online.<\/p>\n\n\n\n<p>Sigamos construyendo en conjunto nuevas miradas sobre los Audiovisuales de Am\u00e9rica Latina<\/p>\n","protected":false},"excerpt":{"rendered":"<p>Est\u00e1 abierta la convocatoria para el 3er libro de la colecci\u00f3n \u201cCuadernos FEISAL\u201d que saldr\u00e1 publicado a finales de este a\u00f1o. Esta colecci\u00f3n de libros es un espacio para el intercambio y la difusi\u00f3n de las miradas que desde las c\u00e1tedras de las carreras miembros de FEISAL tenemos acerca del audiovisual latinoamericano.En la primer semana &hellip; <\/p>\n<p><a class=\"more-link btn\" href=\"https:\/\/feisal.org\/?p=4390\">Seguir leyendo<\/a><\/p>\n","protected":false},"author":4,"featured_media":0,"comment_status":"closed","ping_status":"closed","sticky":false,"template":"","format":"standard","meta":{"footnotes":""},"categories":[106],"tags":[109,108,110],"class_list":["post-4390","post","type-post","status-publish","format-standard","hentry","category-cuadernos-feisal","tag-convocatoria","tag-cuadernos-feisal","tag-publicaciones","item-wrap"],"_links":{"self":[{"href":"https:\/\/feisal.org\/index.php?rest_route=\/wp\/v2\/posts\/4390","targetHints":{"allow":["GET"]}}],"collection":[{"href":"https:\/\/feisal.org\/index.php?rest_route=\/wp\/v2\/posts"}],"about":[{"href":"https:\/\/feisal.org\/index.php?rest_route=\/wp\/v2\/types\/post"}],"author":[{"embeddable":true,"href":"https:\/\/feisal.org\/index.php?rest_route=\/wp\/v2\/users\/4"}],"replies":[{"embeddable":true,"href":"https:\/\/feisal.org\/index.php?rest_route=%2Fwp%2Fv2%2Fcomments&post=4390"}],"version-history":[{"count":2,"href":"https:\/\/feisal.org\/index.php?rest_route=\/wp\/v2\/posts\/4390\/revisions"}],"predecessor-version":[{"id":4394,"href":"https:\/\/feisal.org\/index.php?rest_route=\/wp\/v2\/posts\/4390\/revisions\/4394"}],"wp:attachment":[{"href":"https:\/\/feisal.org\/index.php?rest_route=%2Fwp%2Fv2%2Fmedia&parent=4390"}],"wp:term":[{"taxonomy":"category","embeddable":true,"href":"https:\/\/feisal.org\/index.php?rest_route=%2Fwp%2Fv2%2Fcategories&post=4390"},{"taxonomy":"post_tag","embeddable":true,"href":"https:\/\/feisal.org\/index.php?rest_route=%2Fwp%2Fv2%2Ftags&post=4390"}],"curies":[{"name":"wp","href":"https:\/\/api.w.org\/{rel}","templated":true}]}}