{"id":4557,"date":"2024-04-27T20:34:00","date_gmt":"2024-04-27T23:34:00","guid":{"rendered":"https:\/\/feisal.org\/?p=4557"},"modified":"2024-05-09T20:55:54","modified_gmt":"2024-05-09T23:55:54","slug":"premio-feisal-en-bafici-6","status":"publish","type":"post","link":"https:\/\/feisal.org\/?p=4557","title":{"rendered":"Premio FEISAL en BAFICI"},"content":{"rendered":"\n<p>El Premio FEISAL en el 25\u00b0 BAFICI fue para la pel\u00edcula \u00ab<strong>El placer es m\u00edo<\/strong>\u00bb de <strong>Sacha Amaral<\/strong><br>El Jurado de este premio estuvo integrado por <strong>Lelia Gonz\u00e1lez Sieira<\/strong> (UNDAV), <strong>Diego Hern\u00e1ndez Flores<\/strong> (UNLP) y <strong>Anabella Speziale<\/strong> (UBA)<\/p>\n\n\n\n<p class=\"has-text-align-center\"><img loading=\"lazy\" decoding=\"async\" width=\"500\" height=\"500\" class=\"wp-image-4554\" style=\"width: 500px;\" src=\"http:\/\/feisal.org\/wp-content\/uploads\/2024\/05\/BAFICI-24-premio.png\" alt=\"\" srcset=\"https:\/\/feisal.org\/wp-content\/uploads\/2024\/05\/BAFICI-24-premio.png 1000w, https:\/\/feisal.org\/wp-content\/uploads\/2024\/05\/BAFICI-24-premio-300x300.png 300w, https:\/\/feisal.org\/wp-content\/uploads\/2024\/05\/BAFICI-24-premio-150x150.png 150w, https:\/\/feisal.org\/wp-content\/uploads\/2024\/05\/BAFICI-24-premio-768x768.png 768w, https:\/\/feisal.org\/wp-content\/uploads\/2024\/05\/BAFICI-24-premio-12x12.png 12w, https:\/\/feisal.org\/wp-content\/uploads\/2024\/05\/BAFICI-24-premio-750x750.png 750w\" sizes=\"auto, (max-width: 500px) 100vw, 500px\" \/><\/p>\n\n\n\n<p class=\"has-text-align-left\">El director de la pel\u00edcula, recibi\u00f3 en la ceremonia de premiaci\u00f3n del BAFICI un trofeo y una beca de 100% para cursar una <strong>carrera de Posgrado entre las que ofrece la Facultad de Artes de la UNLP<\/strong><\/p>\n","protected":false},"excerpt":{"rendered":"<p>El Premio FEISAL en el 25\u00b0 BAFICI fue para la pel\u00edcula \u00abEl placer es m\u00edo\u00bb de Sacha AmaralEl Jurado de este premio estuvo integrado por Lelia Gonz\u00e1lez Sieira (UNDAV), Diego Hern\u00e1ndez Flores (UNLP) y Anabella Speziale (UBA) El director de la pel\u00edcula, recibi\u00f3 en la ceremonia de premiaci\u00f3n del BAFICI un trofeo y una beca &hellip; <\/p>\n<p><a class=\"more-link btn\" href=\"https:\/\/feisal.org\/?p=4557\">Seguir leyendo<\/a><\/p>\n","protected":false},"author":4,"featured_media":4554,"comment_status":"closed","ping_status":"closed","sticky":false,"template":"","format":"standard","meta":{"footnotes":""},"categories":[45],"tags":[74,51,28,29],"class_list":["post-4557","post","type-post","status-publish","format-standard","has-post-thumbnail","hentry","category-premio-feisal","tag-argentina","tag-buenos-aires","tag-festival","tag-premio","item-wrap"],"_links":{"self":[{"href":"https:\/\/feisal.org\/index.php?rest_route=\/wp\/v2\/posts\/4557","targetHints":{"allow":["GET"]}}],"collection":[{"href":"https:\/\/feisal.org\/index.php?rest_route=\/wp\/v2\/posts"}],"about":[{"href":"https:\/\/feisal.org\/index.php?rest_route=\/wp\/v2\/types\/post"}],"author":[{"embeddable":true,"href":"https:\/\/feisal.org\/index.php?rest_route=\/wp\/v2\/users\/4"}],"replies":[{"embeddable":true,"href":"https:\/\/feisal.org\/index.php?rest_route=%2Fwp%2Fv2%2Fcomments&post=4557"}],"version-history":[{"count":1,"href":"https:\/\/feisal.org\/index.php?rest_route=\/wp\/v2\/posts\/4557\/revisions"}],"predecessor-version":[{"id":4558,"href":"https:\/\/feisal.org\/index.php?rest_route=\/wp\/v2\/posts\/4557\/revisions\/4558"}],"wp:featuredmedia":[{"embeddable":true,"href":"https:\/\/feisal.org\/index.php?rest_route=\/wp\/v2\/media\/4554"}],"wp:attachment":[{"href":"https:\/\/feisal.org\/index.php?rest_route=%2Fwp%2Fv2%2Fmedia&parent=4557"}],"wp:term":[{"taxonomy":"category","embeddable":true,"href":"https:\/\/feisal.org\/index.php?rest_route=%2Fwp%2Fv2%2Fcategories&post=4557"},{"taxonomy":"post_tag","embeddable":true,"href":"https:\/\/feisal.org\/index.php?rest_route=%2Fwp%2Fv2%2Ftags&post=4557"}],"curies":[{"name":"wp","href":"https:\/\/api.w.org\/{rel}","templated":true}]}}