{"id":4559,"date":"2024-05-06T16:46:00","date_gmt":"2024-05-06T19:46:00","guid":{"rendered":"https:\/\/feisal.org\/?p=4559"},"modified":"2024-05-09T20:54:55","modified_gmt":"2024-05-09T23:54:55","slug":"aldo-paparella-1958-2024","status":"publish","type":"post","link":"https:\/\/feisal.org\/?p=4559","title":{"rendered":"Aldo Paparella (1958-2024)"},"content":{"rendered":"\n<figure class=\"wp-block-table alignleft\"><table><tbody><tr><td><img loading=\"lazy\" decoding=\"async\" width=\"900\" height=\"900\" class=\"wp-image-4560\" style=\"width: 900px;\" src=\"http:\/\/feisal.org\/wp-content\/uploads\/2024\/05\/paparella.png\" alt=\"\" srcset=\"https:\/\/feisal.org\/wp-content\/uploads\/2024\/05\/paparella.png 1000w, https:\/\/feisal.org\/wp-content\/uploads\/2024\/05\/paparella-300x300.png 300w, https:\/\/feisal.org\/wp-content\/uploads\/2024\/05\/paparella-150x150.png 150w, https:\/\/feisal.org\/wp-content\/uploads\/2024\/05\/paparella-768x768.png 768w, https:\/\/feisal.org\/wp-content\/uploads\/2024\/05\/paparella-12x12.png 12w, https:\/\/feisal.org\/wp-content\/uploads\/2024\/05\/paparella-750x750.png 750w\" sizes=\"auto, (max-width: 900px) 100vw, 900px\" \/><\/td><td class=\"has-text-align-left\" data-align=\"left\">Con profunda tristeza nos toca despedir a Aldo Paparella, realizador y fot\u00f3grafo argentino.<br>En 1990 fund\u00f3 el CIEVyC en Buenos Aires, y a lo largo de treinta a\u00f1os form\u00f3 a nuevas generaciones de realizadoras y realizadores. Fue un miembro activo de FEISAL y dej\u00f3 en nuestra comunidad un gran recuerdo por su compromiso con la ense\u00f1anza del cine y las artes audiovisuales.<br>Acompa\u00f1amos a sus familiares y afectos en este dif\u00edcil momento, y recordaremos siempre su energ\u00eda y capacidad de trabajo.<\/td><\/tr><tr><td><\/td><td class=\"has-text-align-left\" data-align=\"left\"><\/td><\/tr><\/tbody><\/table><\/figure>\n","protected":false},"excerpt":{"rendered":"<p>Con profunda tristeza nos toca despedir a Aldo Paparella, realizador y fot\u00f3grafo argentino.En 1990 fund\u00f3 el CIEVyC en Buenos Aires, y a lo largo de treinta a\u00f1os form\u00f3 a nuevas generaciones de realizadoras y realizadores. Fue un miembro activo de FEISAL y dej\u00f3 en nuestra comunidad un gran recuerdo por su compromiso con la ense\u00f1anza &hellip; <\/p>\n<p><a class=\"more-link btn\" href=\"https:\/\/feisal.org\/?p=4559\">Seguir leyendo<\/a><\/p>\n","protected":false},"author":4,"featured_media":4560,"comment_status":"closed","ping_status":"closed","sticky":false,"template":"","format":"standard","meta":{"footnotes":""},"categories":[79],"tags":[],"class_list":["post-4559","post","type-post","status-publish","format-standard","has-post-thumbnail","hentry","category-memoria","item-wrap"],"_links":{"self":[{"href":"https:\/\/feisal.org\/index.php?rest_route=\/wp\/v2\/posts\/4559","targetHints":{"allow":["GET"]}}],"collection":[{"href":"https:\/\/feisal.org\/index.php?rest_route=\/wp\/v2\/posts"}],"about":[{"href":"https:\/\/feisal.org\/index.php?rest_route=\/wp\/v2\/types\/post"}],"author":[{"embeddable":true,"href":"https:\/\/feisal.org\/index.php?rest_route=\/wp\/v2\/users\/4"}],"replies":[{"embeddable":true,"href":"https:\/\/feisal.org\/index.php?rest_route=%2Fwp%2Fv2%2Fcomments&post=4559"}],"version-history":[{"count":1,"href":"https:\/\/feisal.org\/index.php?rest_route=\/wp\/v2\/posts\/4559\/revisions"}],"predecessor-version":[{"id":4561,"href":"https:\/\/feisal.org\/index.php?rest_route=\/wp\/v2\/posts\/4559\/revisions\/4561"}],"wp:featuredmedia":[{"embeddable":true,"href":"https:\/\/feisal.org\/index.php?rest_route=\/wp\/v2\/media\/4560"}],"wp:attachment":[{"href":"https:\/\/feisal.org\/index.php?rest_route=%2Fwp%2Fv2%2Fmedia&parent=4559"}],"wp:term":[{"taxonomy":"category","embeddable":true,"href":"https:\/\/feisal.org\/index.php?rest_route=%2Fwp%2Fv2%2Fcategories&post=4559"},{"taxonomy":"post_tag","embeddable":true,"href":"https:\/\/feisal.org\/index.php?rest_route=%2Fwp%2Fv2%2Ftags&post=4559"}],"curies":[{"name":"wp","href":"https:\/\/api.w.org\/{rel}","templated":true}]}}